{"id":2240,"date":"2022-11-18T14:03:38","date_gmt":"2022-11-18T13:03:38","guid":{"rendered":"http:\/\/www.pecpisz.pl\/?p=2240"},"modified":"2022-11-25T13:16:43","modified_gmt":"2022-11-25T12:16:43","slug":"zarzad-przedsiebiorstwa-energetyki-cieplnej-sp-z-o-o-w-piszu-oswiadcza","status":"publish","type":"post","link":"https:\/\/www.pecpisz.pl\/?p=2240","title":{"rendered":"Zarz\u0105d Przedsi\u0119biorstwa Energetyki Cieplnej Sp. z o.o. w Piszu o\u015bwiadcza."},"content":{"rendered":"<p>Planowany wzrost cen i stawek op\u0142at za ciep\u0142o w roku 2022\/2023 wst\u0119pnie mia\u0142 wynie\u015b\u0107 25,45%, o czym poinformowany zosta\u0142 Burmistrz, jednak zmieniaj\u0105ca si\u0119 drastycznie sytuacja na rynku paliw czyli \u2013 biomasy drzewnej zmusi\u0142a Zarz\u0105d do rekalkulacji ceny w trakcie trwania post\u0119powania o zatwierdzenie nowej taryfy dla ciep\u0142a czego skutkiem jest zmiana wysoko\u015bci planowanej podwy\u017cki za energi\u0119 ciepln\u0105 i b\u0119dzie wynosi\u0142a 44,82%.<\/p>\n<p>Informujemy, \u017ce XXI Taryfa dla ciep\u0142a zosta\u0142a zatwierdzona Decyzj\u0105 Prezesa URE w dniu 16 listopada 2022r.<\/p>\n<p>Zarz\u0105d Przedsi\u0119biorstwa Energetyki Cieplnej Sp. z o. o. w Piszu w dniu 16 listopada 2022r. poinformowa\u0142 Zgromadzenie Wsp\u00f3lnik\u00f3w \u2013 Burmistrza Pisza o zatwierdzonych cenach i stawkach op\u0142at za ciep\u0142o. Informacje o nowej Taryfie dla ciep\u0142a zosta\u0142y zamieszczone r\u00f3wnie\u017c na stronie BIP PEC Pisz.<\/p>\n<p>Jednocze\u015bnie informujemy i\u017c jeste\u015bmy jednym z nielicznych przedsi\u0119biorstw w kraju gdzie ceny za energi\u0119 ciepln\u0105 utrzymuj\u0105 si\u0119 na stosunkowo niskim poziomie.<\/p>\n<p>Zarz\u0105d PEC dok\u0142ada wszelkich stara\u0144 by mieszka\u0144cy naszego miasta mieli zapewnione bezpieczne i nieprzerwane dostawy ciep\u0142a przy relatywnie niskich cenach za energi\u0119 ciepln\u0105.<\/p>\n<p><a href=\"http:\/\/www.pec.bip.hi.pl\/index.php?wiad=162\" target=\"_blank\" rel=\"noopener noreferrer\">Taryfa dla ciep\u0142a PEC Pisz od dnia 01 grudnia 2022r. &#8211; Biuletyn Informacji Publicznej (pec.bip.hi.pl)<\/a><\/p>\n<p><a href=\"http:\/\/www.pecpisz.pl\/wp-content\/uploads\/2022\/11\/O\u015bwiadczenie.pdf\" target=\"_blank\" rel=\"noopener noreferrer\">O\u015bwiadczenie (pdf)<\/a><\/p>\n","protected":false},"excerpt":{"rendered":"<p>Planowany wzrost cen i stawek op\u0142at za ciep\u0142o w roku 2022\/2023 wst\u0119pnie mia\u0142 wynie\u015b\u0107 25,45%, o czym poinformowany zosta\u0142 Burmistrz, jednak zmieniaj\u0105ca si\u0119 drastycznie sytuacja na rynku paliw czyli \u2013 biomasy drzewnej zmusi\u0142a Zarz\u0105d do rekalkulacji ceny w trakcie trwania post\u0119powania o zatwierdzenie nowej taryfy dla ciep\u0142a czego skutkiem jest zmiana wysoko\u015bci planowanej podwy\u017cki za [&hellip;]<\/p>\n","protected":false},"author":11,"featured_media":1064,"comment_status":"closed","ping_status":"open","sticky":false,"template":"","format":"standard","meta":{"footnotes":""},"categories":[11],"tags":[],"class_list":["post-2240","post","type-post","status-publish","format-standard","has-post-thumbnail","hentry","category-aktualnosci"],"_links":{"self":[{"href":"https:\/\/www.pecpisz.pl\/index.php?rest_route=\/wp\/v2\/posts\/2240","targetHints":{"allow":["GET"]}}],"collection":[{"href":"https:\/\/www.pecpisz.pl\/index.php?rest_route=\/wp\/v2\/posts"}],"about":[{"href":"https:\/\/www.pecpisz.pl\/index.php?rest_route=\/wp\/v2\/types\/post"}],"author":[{"embeddable":true,"href":"https:\/\/www.pecpisz.pl\/index.php?rest_route=\/wp\/v2\/users\/11"}],"replies":[{"embeddable":true,"href":"https:\/\/www.pecpisz.pl\/index.php?rest_route=%2Fwp%2Fv2%2Fcomments&post=2240"}],"version-history":[{"count":8,"href":"https:\/\/www.pecpisz.pl\/index.php?rest_route=\/wp\/v2\/posts\/2240\/revisions"}],"predecessor-version":[{"id":2249,"href":"https:\/\/www.pecpisz.pl\/index.php?rest_route=\/wp\/v2\/posts\/2240\/revisions\/2249"}],"wp:featuredmedia":[{"embeddable":true,"href":"https:\/\/www.pecpisz.pl\/index.php?rest_route=\/wp\/v2\/media\/1064"}],"wp:attachment":[{"href":"https:\/\/www.pecpisz.pl\/index.php?rest_route=%2Fwp%2Fv2%2Fmedia&parent=2240"}],"wp:term":[{"taxonomy":"category","embeddable":true,"href":"https:\/\/www.pecpisz.pl\/index.php?rest_route=%2Fwp%2Fv2%2Fcategories&post=2240"},{"taxonomy":"post_tag","embeddable":true,"href":"https:\/\/www.pecpisz.pl\/index.php?rest_route=%2Fwp%2Fv2%2Ftags&post=2240"}],"curies":[{"name":"wp","href":"https:\/\/api.w.org\/{rel}","templated":true}]}}