{"id":2602,"date":"2024-03-15T15:26:30","date_gmt":"2024-03-15T14:26:30","guid":{"rendered":"https:\/\/www.pecpisz.pl\/?p=2602"},"modified":"2024-04-11T22:02:45","modified_gmt":"2024-04-11T20:02:45","slug":"zaproszenie","status":"publish","type":"post","link":"https:\/\/www.pecpisz.pl\/?p=2602","title":{"rendered":"ZAPROSZENIE"},"content":{"rendered":"\n<p class=\"has-text-align-center\">Przedsi\u0119biorstwo Energetyki Cieplnej Sp. z o.o. w Piszu, mieszcz\u0105ce si\u0119 przy ul. Jagodnej 1C&nbsp; serdecznie zaprasza w dniu&nbsp;<strong>27.03.2024 r.<\/strong>&nbsp;o godz.&nbsp;<strong>11\u00ba\u00ba<\/strong>&nbsp;na dzie\u0144 otwarty i prezentacj\u0119 przedsi\u0119wzi\u0119cia pn: \u201eModernizacja i rozbudowa Ciep\u0142owni Miejskiej w Piszu \u2013 Budowa kot\u0142a o mocy 5 MW opalanego biomas\u0105 z instalacj\u0105 odzysku ciep\u0142a ze spalin w procesie kondensacji\u201d.<\/p>\n\n\n\n<p class=\"has-text-align-center\">Zapraszamy wszystkich mieszka\u0144c\u00f3w Pisza.<br><a href=\"https:\/\/www.pecpisz.pl\/wp-content\/uploads\/2024\/03\/zaproszenie.pdf\" data-type=\"link\" data-id=\"https:\/\/www.pecpisz.pl\/wp-content\/uploads\/2024\/03\/zaproszenie.pdf\" target=\"_blank\" rel=\"noreferrer noopener\">Zaproszenie (pdf)<\/a><\/p>\n\n\n\n<figure class=\"wp-block-image size-large\"><img loading=\"lazy\" decoding=\"async\" width=\"1024\" height=\"576\" src=\"https:\/\/www.pecpisz.pl\/wp-content\/uploads\/2024\/03\/szary_01-1024x576.jpg\" alt=\"\" class=\"wp-image-2603\" srcset=\"https:\/\/www.pecpisz.pl\/wp-content\/uploads\/2024\/03\/szary_01-1024x576.jpg 1024w, https:\/\/www.pecpisz.pl\/wp-content\/uploads\/2024\/03\/szary_01-400x225.jpg 400w, https:\/\/www.pecpisz.pl\/wp-content\/uploads\/2024\/03\/szary_01-768x432.jpg 768w, https:\/\/www.pecpisz.pl\/wp-content\/uploads\/2024\/03\/szary_01-1536x864.jpg 1536w, https:\/\/www.pecpisz.pl\/wp-content\/uploads\/2024\/03\/szary_01-94x53.jpg 94w, https:\/\/www.pecpisz.pl\/wp-content\/uploads\/2024\/03\/szary_01.jpg 1920w\" sizes=\"auto, (max-width: 1024px) 100vw, 1024px\" \/><\/figure>\n","protected":false},"excerpt":{"rendered":"<p>Przedsi\u0119biorstwo Energetyki Cieplnej Sp. z o.o. w Piszu, mieszcz\u0105ce si\u0119 przy ul. Jagodnej 1C&nbsp; serdecznie zaprasza w dniu&nbsp;27.03.2024 r.&nbsp;o godz.&nbsp;11\u00ba\u00ba&nbsp;na dzie\u0144 otwarty i prezentacj\u0119 przedsi\u0119wzi\u0119cia pn: \u201eModernizacja i rozbudowa Ciep\u0142owni Miejskiej w Piszu \u2013 Budowa kot\u0142a o mocy 5 MW opalanego biomas\u0105 z instalacj\u0105 odzysku ciep\u0142a ze spalin w procesie kondensacji\u201d. Zapraszamy wszystkich mieszka\u0144c\u00f3w Pisza.Zaproszenie [&hellip;]<\/p>\n","protected":false},"author":11,"featured_media":1064,"comment_status":"closed","ping_status":"open","sticky":false,"template":"","format":"standard","meta":{"footnotes":""},"categories":[11],"tags":[],"class_list":["post-2602","post","type-post","status-publish","format-standard","has-post-thumbnail","hentry","category-aktualnosci"],"_links":{"self":[{"href":"https:\/\/www.pecpisz.pl\/index.php?rest_route=\/wp\/v2\/posts\/2602","targetHints":{"allow":["GET"]}}],"collection":[{"href":"https:\/\/www.pecpisz.pl\/index.php?rest_route=\/wp\/v2\/posts"}],"about":[{"href":"https:\/\/www.pecpisz.pl\/index.php?rest_route=\/wp\/v2\/types\/post"}],"author":[{"embeddable":true,"href":"https:\/\/www.pecpisz.pl\/index.php?rest_route=\/wp\/v2\/users\/11"}],"replies":[{"embeddable":true,"href":"https:\/\/www.pecpisz.pl\/index.php?rest_route=%2Fwp%2Fv2%2Fcomments&post=2602"}],"version-history":[{"count":3,"href":"https:\/\/www.pecpisz.pl\/index.php?rest_route=\/wp\/v2\/posts\/2602\/revisions"}],"predecessor-version":[{"id":2608,"href":"https:\/\/www.pecpisz.pl\/index.php?rest_route=\/wp\/v2\/posts\/2602\/revisions\/2608"}],"wp:featuredmedia":[{"embeddable":true,"href":"https:\/\/www.pecpisz.pl\/index.php?rest_route=\/wp\/v2\/media\/1064"}],"wp:attachment":[{"href":"https:\/\/www.pecpisz.pl\/index.php?rest_route=%2Fwp%2Fv2%2Fmedia&parent=2602"}],"wp:term":[{"taxonomy":"category","embeddable":true,"href":"https:\/\/www.pecpisz.pl\/index.php?rest_route=%2Fwp%2Fv2%2Fcategories&post=2602"},{"taxonomy":"post_tag","embeddable":true,"href":"https:\/\/www.pecpisz.pl\/index.php?rest_route=%2Fwp%2Fv2%2Ftags&post=2602"}],"curies":[{"name":"wp","href":"https:\/\/api.w.org\/{rel}","templated":true}]}}