{"id":2787,"date":"2025-04-09T16:20:38","date_gmt":"2025-04-09T14:20:38","guid":{"rendered":"https:\/\/www.pecpisz.pl\/?p=2787"},"modified":"2025-09-01T21:18:19","modified_gmt":"2025-09-01T19:18:19","slug":"taryfa-dla-ciepla-pec-pisz-od-dnia-01-maja-2025r","status":"publish","type":"post","link":"https:\/\/www.pecpisz.pl\/?p=2787","title":{"rendered":"Taryfa dla ciep\u0142a PEC Pisz od dnia 01 maja 2025r."},"content":{"rendered":"\n<p><strong>Przedsi\u0119biorstwo Energetyki Cieplnej Sp. z o.o. informuje, \u017ce z dniem 01 maja 2025 r. zostanie wprowadzona nowa Taryfa dla ciep\u0142a, zatwierdzona decyzj\u0105 Prezesa Urz\u0119du Regulacji Energetyki nr OGD.ZR1.4210.5.2024.274.XXIII.AC z dnia 31 marca 2025r. opublikowana w Biuletynie Bran\u017cowym &#8211; ciep\u0142o Urz\u0119du Regulacji Energetyki nr 124 (3314) z dnia 31 marca 2025r.<\/strong><\/p>\n\n\n\n<p>W zwi\u0105zku z otrzyman\u0105 Decyzj\u0105 OGD.ZR1.4210.5.2024.274.XXIII.AC z dnia 31 marca 2025 roku Prezesa Urz\u0119du Regulacji Energetyki P\u00f3\u0142nocny Oddzia\u0142 Terenowy&nbsp; w Gda\u0144sku, w sprawie zatwierdzenia Taryfy dla ciep\u0142a, Przedsi\u0119biorstwo Energetyki Cieplnej Sp. z o.o.&nbsp; w Piszu informuje, \u017ce z dniem 01 maja 2025 roku zostanie wprowadzona nowa Taryfa dla ciep\u0142a<\/p>\n\n\n\n<p>Ponadto informujemy, \u017ce Decyzj\u0119 OGD.ZR1.4210.5.2024.274.XXIII.AC wraz z Taryf\u0105 dla ciep\u0142a opublikowano w BIULETYNIE BRAN\u017bOWYM URE- Ciep\u0142o nr 124 (3314) w dniu&nbsp; &nbsp;31 marca 2025 roku.<\/p>\n\n\n\n<p>W za\u0142\u0105czeniu Taryfa dla ciep\u0142a.<br><a href=\"https:\/\/www.pecpisz.pl\/wp-content\/uploads\/2025\/04\/Decyzja-Taryfa-dla-ciepla.pdf\" data-type=\"link\" data-id=\"https:\/\/www.pecpisz.pl\/wp-content\/uploads\/2025\/04\/Decyzja-Taryfa-dla-ciepla.pdf\" target=\"_blank\" rel=\"noreferrer noopener\">Taryfa dla ciep\u0142a (pdf)<\/a><\/p>\n","protected":false},"excerpt":{"rendered":"<p>Przedsi\u0119biorstwo Energetyki Cieplnej Sp. z o.o. informuje, \u017ce z dniem 01 maja 2025 r. zostanie wprowadzona nowa Taryfa dla ciep\u0142a, zatwierdzona decyzj\u0105 Prezesa Urz\u0119du Regulacji Energetyki nr OGD.ZR1.4210.5.2024.274.XXIII.AC z dnia 31 marca 2025r. opublikowana w Biuletynie Bran\u017cowym &#8211; ciep\u0142o Urz\u0119du Regulacji Energetyki nr 124 (3314) z dnia 31 marca 2025r. W zwi\u0105zku z otrzyman\u0105 Decyzj\u0105 [&hellip;]<\/p>\n","protected":false},"author":11,"featured_media":1064,"comment_status":"closed","ping_status":"open","sticky":false,"template":"","format":"standard","meta":{"footnotes":""},"categories":[11],"tags":[],"class_list":["post-2787","post","type-post","status-publish","format-standard","has-post-thumbnail","hentry","category-aktualnosci"],"_links":{"self":[{"href":"https:\/\/www.pecpisz.pl\/index.php?rest_route=\/wp\/v2\/posts\/2787","targetHints":{"allow":["GET"]}}],"collection":[{"href":"https:\/\/www.pecpisz.pl\/index.php?rest_route=\/wp\/v2\/posts"}],"about":[{"href":"https:\/\/www.pecpisz.pl\/index.php?rest_route=\/wp\/v2\/types\/post"}],"author":[{"embeddable":true,"href":"https:\/\/www.pecpisz.pl\/index.php?rest_route=\/wp\/v2\/users\/11"}],"replies":[{"embeddable":true,"href":"https:\/\/www.pecpisz.pl\/index.php?rest_route=%2Fwp%2Fv2%2Fcomments&post=2787"}],"version-history":[{"count":2,"href":"https:\/\/www.pecpisz.pl\/index.php?rest_route=\/wp\/v2\/posts\/2787\/revisions"}],"predecessor-version":[{"id":2789,"href":"https:\/\/www.pecpisz.pl\/index.php?rest_route=\/wp\/v2\/posts\/2787\/revisions\/2789"}],"wp:featuredmedia":[{"embeddable":true,"href":"https:\/\/www.pecpisz.pl\/index.php?rest_route=\/wp\/v2\/media\/1064"}],"wp:attachment":[{"href":"https:\/\/www.pecpisz.pl\/index.php?rest_route=%2Fwp%2Fv2%2Fmedia&parent=2787"}],"wp:term":[{"taxonomy":"category","embeddable":true,"href":"https:\/\/www.pecpisz.pl\/index.php?rest_route=%2Fwp%2Fv2%2Fcategories&post=2787"},{"taxonomy":"post_tag","embeddable":true,"href":"https:\/\/www.pecpisz.pl\/index.php?rest_route=%2Fwp%2Fv2%2Ftags&post=2787"}],"curies":[{"name":"wp","href":"https:\/\/api.w.org\/{rel}","templated":true}]}}