{"id":582,"date":"2016-11-17T12:36:39","date_gmt":"2016-11-17T11:36:39","guid":{"rendered":"http:\/\/www.pecpisz.pl\/?p=582"},"modified":"2023-02-15T10:48:22","modified_gmt":"2023-02-15T09:48:22","slug":"taryfa-dla-ciepla-pec-pisz-od-01-12-2016-r","status":"publish","type":"post","link":"https:\/\/www.pecpisz.pl\/?p=582","title":{"rendered":"Taryfa dla ciep\u0142a PEC Pisz od 01.12.2016 r."},"content":{"rendered":"<div class=\"podtytul\">W zwi\u0105zku z otrzyman\u0105 Decyzj\u0105 OGD.4210.33.8.2016.274.XVI.RST z dnia 2 listopada 2016 roku Urz\u0119du Regulacji Energetyki P\u00f3\u0142nocny Oddzia\u0142 Terenowy w Gda\u0144sku, w sprawie zatwierdzenia Taryfy dla ciep\u0142a, Przedsi\u0119biorstwo Energetyki Cieplnej Sp. z o.o. w Piszu informuje, i\u017c zgodnie z zawart\u0105 umow\u0105 sprzeda\u017cy ciep\u0142a Taryf\u0119 dla ciep\u0142a wprowadza si\u0119 do stosowania od<strong>&nbsp;<\/strong><strong>01 grudnia 2016 roku.<\/strong><\/div>\n<div class=\"podtytul\"><\/div>\n<p><!--more--><\/p>\n<div class=\"tresc\">Ponadto informujemy, \u017ce Decyzj\u0119 Nr&nbsp;OGD.4210.33.8.2016.274.XVI.RST wraz z Taryf\u0105 dla ciep\u0142a opublikowano w Dzienniku Urz\u0119dowym Wojew\u00f3dztwa Warmi\u0144sko-Mazurskiego poz. 4174 w dniu &nbsp;7 listopada 2016 roku.<br \/>\nJednocze\u015bnie informujemy, \u017ce zatwierdzona Taryfa dla ciep\u0142a obowi\u0105zuje&nbsp;<strong>od dnia 01 grudnia 2016 r. do dnia 30 listopada 2017 r.<\/strong><br \/>\nW za\u0142\u0105czeniu Taryfa dla ciep\u0142a.<\/div>\n<p><a href=\"http:\/\/www.pecpisz.pl\/?attachment_id=584\" rel=\"attachment wp-att-584\">taryfa-dla-ciepla-pec-pisz-2016<\/a><\/p>\n","protected":false},"excerpt":{"rendered":"<p>W zwi\u0105zku z otrzyman\u0105 Decyzj\u0105 OGD.4210.33.8.2016.274.XVI.RST z dnia 2 listopada 2016 roku Urz\u0119du Regulacji Energetyki P\u00f3\u0142nocny Oddzia\u0142 Terenowy w Gda\u0144sku, w sprawie zatwierdzenia Taryfy dla ciep\u0142a, Przedsi\u0119biorstwo Energetyki Cieplnej Sp. z o.o. w Piszu informuje, i\u017c zgodnie z zawart\u0105 umow\u0105 sprzeda\u017cy ciep\u0142a Taryf\u0119 dla ciep\u0142a wprowadza si\u0119 do stosowania od&nbsp;01 grudnia 2016 roku.<\/p>\n","protected":false},"author":4,"featured_media":391,"comment_status":"closed","ping_status":"open","sticky":false,"template":"","format":"standard","meta":{"footnotes":""},"categories":[19],"tags":[],"class_list":["post-582","post","type-post","status-publish","format-standard","has-post-thumbnail","hentry","category-19"],"_links":{"self":[{"href":"https:\/\/www.pecpisz.pl\/index.php?rest_route=\/wp\/v2\/posts\/582","targetHints":{"allow":["GET"]}}],"collection":[{"href":"https:\/\/www.pecpisz.pl\/index.php?rest_route=\/wp\/v2\/posts"}],"about":[{"href":"https:\/\/www.pecpisz.pl\/index.php?rest_route=\/wp\/v2\/types\/post"}],"author":[{"embeddable":true,"href":"https:\/\/www.pecpisz.pl\/index.php?rest_route=\/wp\/v2\/users\/4"}],"replies":[{"embeddable":true,"href":"https:\/\/www.pecpisz.pl\/index.php?rest_route=%2Fwp%2Fv2%2Fcomments&post=582"}],"version-history":[{"count":6,"href":"https:\/\/www.pecpisz.pl\/index.php?rest_route=\/wp\/v2\/posts\/582\/revisions"}],"predecessor-version":[{"id":2393,"href":"https:\/\/www.pecpisz.pl\/index.php?rest_route=\/wp\/v2\/posts\/582\/revisions\/2393"}],"wp:featuredmedia":[{"embeddable":true,"href":"https:\/\/www.pecpisz.pl\/index.php?rest_route=\/wp\/v2\/media\/391"}],"wp:attachment":[{"href":"https:\/\/www.pecpisz.pl\/index.php?rest_route=%2Fwp%2Fv2%2Fmedia&parent=582"}],"wp:term":[{"taxonomy":"category","embeddable":true,"href":"https:\/\/www.pecpisz.pl\/index.php?rest_route=%2Fwp%2Fv2%2Fcategories&post=582"},{"taxonomy":"post_tag","embeddable":true,"href":"https:\/\/www.pecpisz.pl\/index.php?rest_route=%2Fwp%2Fv2%2Ftags&post=582"}],"curies":[{"name":"wp","href":"https:\/\/api.w.org\/{rel}","templated":true}]}}